{"id":163,"date":"2024-04-09T12:41:58","date_gmt":"2024-04-09T10:41:58","guid":{"rendered":"https:\/\/iratxo4.wordpress.com\/?p=163"},"modified":"2025-09-16T13:44:21","modified_gmt":"2025-09-16T11:44:21","slug":"metodo-individualizado-activo-de-ortografia","status":"publish","type":"post","link":"https:\/\/iratxo.net\/?p=163","title":{"rendered":"M\u00e9todo individualizado activo de ortograf\u00eda"},"content":{"rendered":"\n<blockquote class=\"wp-block-quote is-layout-flow wp-block-quote-is-layout-flow\">\n<h5 class=\"wp-block-heading has-background\" style=\"background:linear-gradient(135deg,rgba(6,147,227,1) 0%,rgb(155,81,224) 100%)\"><em>Se ense\u00f1an sistem\u00e1ticamente tanto las reglas ortogr\u00e1ficas como las palabras individualmente, atendiendo tanto las letras como la acentuaci\u00f3n y signos de puntuaci\u00f3n e incluyendo abundantes ejercicios.<\/em><\/h5>\n<\/blockquote>\n\n\n\n<ol class=\"wp-block-list\">\n<li><strong>Dominar las reglas ortogr\u00e1ficas fundamentales:<\/strong> Proporcionar a los estudiantes un conocimiento s\u00f3lido de las reglas ortogr\u00e1ficas b\u00e1sicas, incluyendo el uso adecuado de letras, acentuaci\u00f3n y signos de puntuaci\u00f3n.<\/li>\n\n\n\n<li><strong>Adaptar el m\u00e9todo a las necesidades individuales:<\/strong> Personalizar el aprendizaje para abordar las dificultades ortogr\u00e1ficas espec\u00edficas de cada estudiante, asegurando un enfoque individualizado y efectivo.<\/li>\n<\/ol>\n","protected":false},"excerpt":{"rendered":"<p>Se ense\u00f1an sistem\u00e1ticamente tanto las reglas ortogr\u00e1ficas como las palabras individualmente, atendiendo tanto las letras como la acentuaci\u00f3n y signos [&hellip;]<\/p>\n","protected":false},"author":2,"featured_media":1050,"comment_status":"closed","ping_status":"closed","sticky":false,"template":"","format":"standard","meta":{"footnotes":""},"categories":[3],"tags":[],"class_list":["post-163","post","type-post","status-publish","format-standard","has-post-thumbnail","hentry","category-cursos"],"_links":{"self":[{"href":"https:\/\/iratxo.net\/index.php?rest_route=\/wp\/v2\/posts\/163","targetHints":{"allow":["GET"]}}],"collection":[{"href":"https:\/\/iratxo.net\/index.php?rest_route=\/wp\/v2\/posts"}],"about":[{"href":"https:\/\/iratxo.net\/index.php?rest_route=\/wp\/v2\/types\/post"}],"author":[{"embeddable":true,"href":"https:\/\/iratxo.net\/index.php?rest_route=\/wp\/v2\/users\/2"}],"replies":[{"embeddable":true,"href":"https:\/\/iratxo.net\/index.php?rest_route=%2Fwp%2Fv2%2Fcomments&post=163"}],"version-history":[{"count":2,"href":"https:\/\/iratxo.net\/index.php?rest_route=\/wp\/v2\/posts\/163\/revisions"}],"predecessor-version":[{"id":470,"href":"https:\/\/iratxo.net\/index.php?rest_route=\/wp\/v2\/posts\/163\/revisions\/470"}],"wp:featuredmedia":[{"embeddable":true,"href":"https:\/\/iratxo.net\/index.php?rest_route=\/wp\/v2\/media\/1050"}],"wp:attachment":[{"href":"https:\/\/iratxo.net\/index.php?rest_route=%2Fwp%2Fv2%2Fmedia&parent=163"}],"wp:term":[{"taxonomy":"category","embeddable":true,"href":"https:\/\/iratxo.net\/index.php?rest_route=%2Fwp%2Fv2%2Fcategories&post=163"},{"taxonomy":"post_tag","embeddable":true,"href":"https:\/\/iratxo.net\/index.php?rest_route=%2Fwp%2Fv2%2Ftags&post=163"}],"curies":[{"name":"wp","href":"https:\/\/api.w.org\/{rel}","templated":true}]}}