{"id":955,"date":"2025-08-28T11:02:14","date_gmt":"2025-08-28T09:02:14","guid":{"rendered":"http:\/\/iratxo.net\/?p=955"},"modified":"2025-09-15T12:15:28","modified_gmt":"2025-09-15T10:15:28","slug":"fisioterapia","status":"publish","type":"post","link":"https:\/\/iratxo.net\/?p=955","title":{"rendered":"Fisioterapia"},"content":{"rendered":"\n<p class=\"wp-block-paragraph\">En el \u00e1mbito de la fisioterapia pedi\u00e1trica, abordamos el desarrollo motor y funcional de los ni\u00f1os. Contribuyendo a la detecci\u00f3n y tratamiento de problema f\u00edsicos desde edades tempranas, promoviendo su desarrollo saludable y previniendo posibles discapacidades.<\/p>\n\n\n\n<p class=\"wp-block-paragraph\">Nuestros objetivos son:<\/p>\n\n\n\n<ul class=\"wp-block-list\">\n<li>Colaborar estrechamente con las familias para proporcionarles herramientas y apoyo en la gesti\u00f3n de las necesidades de salud de sus hijos<\/li>\n\n\n\n<li>Mejorar el desarrollo motor, la funci\u00f3n f\u00edsica y la calidad de vida de los ni\u00f1os<\/li>\n\n\n\n<li>Facilitar la participaci\u00f3n activa del ni\u00f1o en actividades de la vida diaria<\/li>\n\n\n\n<li>Promover la independencia funcional<\/li>\n\n\n\n<li>Ofrecemos fisioterapia pedi\u00e1trica para ni\u00f1os de 0 a 18 a\u00f1os, abordando diversas condiciones para asegurar un desarrollo \u00f3ptimo y una mejor calidad de vida. Trabajamos con dedicaci\u00f3n para ser aliados en el bienestar de sus hijos.<\/li>\n<\/ul>\n\n\n\n<p class=\"wp-block-paragraph\"><\/p>\n","protected":false},"excerpt":{"rendered":"<p>En el \u00e1mbito de la fisioterapia pedi\u00e1trica, abordamos el desarrollo motor y funcional de los ni\u00f1os. Contribuyendo a la detecci\u00f3n [&hellip;]<\/p>\n","protected":false},"author":2,"featured_media":1042,"comment_status":"closed","ping_status":"closed","sticky":false,"template":"","format":"standard","meta":{"footnotes":""},"categories":[35],"tags":[],"class_list":["post-955","post","type-post","status-publish","format-standard","has-post-thumbnail","hentry","category-que-hacemos"],"_links":{"self":[{"href":"https:\/\/iratxo.net\/index.php?rest_route=\/wp\/v2\/posts\/955","targetHints":{"allow":["GET"]}}],"collection":[{"href":"https:\/\/iratxo.net\/index.php?rest_route=\/wp\/v2\/posts"}],"about":[{"href":"https:\/\/iratxo.net\/index.php?rest_route=\/wp\/v2\/types\/post"}],"author":[{"embeddable":true,"href":"https:\/\/iratxo.net\/index.php?rest_route=\/wp\/v2\/users\/2"}],"replies":[{"embeddable":true,"href":"https:\/\/iratxo.net\/index.php?rest_route=%2Fwp%2Fv2%2Fcomments&post=955"}],"version-history":[{"count":1,"href":"https:\/\/iratxo.net\/index.php?rest_route=\/wp\/v2\/posts\/955\/revisions"}],"predecessor-version":[{"id":956,"href":"https:\/\/iratxo.net\/index.php?rest_route=\/wp\/v2\/posts\/955\/revisions\/956"}],"wp:featuredmedia":[{"embeddable":true,"href":"https:\/\/iratxo.net\/index.php?rest_route=\/wp\/v2\/media\/1042"}],"wp:attachment":[{"href":"https:\/\/iratxo.net\/index.php?rest_route=%2Fwp%2Fv2%2Fmedia&parent=955"}],"wp:term":[{"taxonomy":"category","embeddable":true,"href":"https:\/\/iratxo.net\/index.php?rest_route=%2Fwp%2Fv2%2Fcategories&post=955"},{"taxonomy":"post_tag","embeddable":true,"href":"https:\/\/iratxo.net\/index.php?rest_route=%2Fwp%2Fv2%2Ftags&post=955"}],"curies":[{"name":"wp","href":"https:\/\/api.w.org\/{rel}","templated":true}]}}